{"id":2403,"date":"2014-09-11T13:46:19","date_gmt":"2014-09-11T12:46:19","guid":{"rendered":"http:\/\/ignuscommunity.es\/blog\/?p=2403"},"modified":"2014-09-19T11:18:01","modified_gmt":"2014-09-19T10:18:01","slug":"social-media-image-maker-redimensiona-tus-imagenes-para-las-redes-sociales","status":"publish","type":"post","link":"https:\/\/ignuscommunity.es\/blog\/social-media-image-maker-redimensiona-tus-imagenes-para-las-redes-sociales\/","title":{"rendered":"Social Media Image Maker: Redimensiona tus im\u00e1genes para las redes sociales"},"content":{"rendered":"<p style=\"text-align: justify;\">Hace tiempo abrimos un blog sobre tecnolog\u00edas, programaci\u00f3n, aplicaciones&#8230;pero viendo el rumbo que ha tomado ahora nuestra empresita, hemos visto que lo mejor es aunar estos dos blogs e ir trayendo aqu\u00ed todos esos post que hemos ido escribiendo all\u00ed y que, consideramos, que os pueden ser muy \u00fatiles. As\u00ed le <strong><span style=\"color: #fdc82f;\">damos m\u00e1s vidilla tambi\u00e9n a este blog de IGNUS<\/span><\/strong> que se lo merece!! =)<\/p>\n<p style=\"text-align: justify;\">Hoy comenzamos con un post que a m\u00e1s de uno seguro que le ayuda bastante!! y es la dimensi\u00f3n que deben tener las im\u00e1genes en las distintas redes sociales que usamos a diario. Pues bien, aqu\u00ed os dejamos con una soluci\u00f3n.<\/p>\n<p style=\"text-align: justify;\">Una de las cosas que m\u00e1s me pregunt\u00e1is es sobre el <strong><span style=\"font-size: large; color: #fdc82f;\">redimensionamiento de las im\u00e1genes para nuestras redes sociales<\/span><\/strong>. Vamos, que siempre os surge la duda de saber cu\u00e1les son las dimensiones para que, la foto de perfil de una u otra red social, se vea bien.<\/p>\n<p style=\"text-align: justify;\">Hoy os traigo una herramienta que os va a venir que ni pintada!!<\/p>\n<p style=\"text-align: justify;\"><img loading=\"lazy\" class=\"aligncenter size-full wp-image-2404\" src=\"http:\/\/ignuscommunity.es\/blog\/wp-content\/uploads\/2014\/09\/IGNUS-Community-Social-Media-Image.jpg\" alt=\"IGNUS-Community-Social-Media-Image\" width=\"600\" height=\"100\" srcset=\"https:\/\/ignuscommunity.es\/blog\/wp-content\/uploads\/2014\/09\/IGNUS-Community-Social-Media-Image.jpg 600w, https:\/\/ignuscommunity.es\/blog\/wp-content\/uploads\/2014\/09\/IGNUS-Community-Social-Media-Image-300x50.jpg 300w, https:\/\/ignuscommunity.es\/blog\/wp-content\/uploads\/2014\/09\/IGNUS-Community-Social-Media-Image-598x100.jpg 598w\" sizes=\"(max-width: 600px) 100vw, 600px\" \/><\/p>\n<p style=\"text-align: justify;\">Con <strong><span style=\"color: #fdc82f;\">Social Media Image Maker<\/span><\/strong> (<a href=\"http:\/\/www.autreplanete.com\/ap-social-media-image-maker\/\" target=\"_blank\"><strong><span style=\"color: #fdc82f;\">clic<\/span><\/strong><\/a>) pod\u00e9is ajustar vuestras im\u00e1genes a las distintas redes sociales.<!--more--><\/p>\n<p style=\"text-align: justify;\">Como ejemplo, os pongo la foto de perfil de facebook:<\/p>\n<p style=\"text-align: justify;\"><img loading=\"lazy\" class=\"aligncenter size-full wp-image-2406\" src=\"http:\/\/ignuscommunity.es\/blog\/wp-content\/uploads\/2014\/09\/IGNUS-Community-Social-Media-Image3.jpg\" alt=\"IGNUS-Community-Social-Media-Image3\" width=\"600\" height=\"600\" srcset=\"https:\/\/ignuscommunity.es\/blog\/wp-content\/uploads\/2014\/09\/IGNUS-Community-Social-Media-Image3.jpg 600w, https:\/\/ignuscommunity.es\/blog\/wp-content\/uploads\/2014\/09\/IGNUS-Community-Social-Media-Image3-150x150.jpg 150w, https:\/\/ignuscommunity.es\/blog\/wp-content\/uploads\/2014\/09\/IGNUS-Community-Social-Media-Image3-300x300.jpg 300w\" sizes=\"(max-width: 600px) 100vw, 600px\" \/><\/p>\n<p>Le damos a Create y subimos la imagen que queramos poner en nuestro perfil de facebook.<\/p>\n<p><img loading=\"lazy\" class=\"aligncenter size-full wp-image-2411\" src=\"http:\/\/ignuscommunity.es\/blog\/wp-content\/uploads\/2014\/09\/IGNUS-Community-Social-Media-Image4.jpg\" alt=\"IGNUS-Community-Social-Media-Image4\" width=\"600\" height=\"600\" srcset=\"https:\/\/ignuscommunity.es\/blog\/wp-content\/uploads\/2014\/09\/IGNUS-Community-Social-Media-Image4.jpg 600w, https:\/\/ignuscommunity.es\/blog\/wp-content\/uploads\/2014\/09\/IGNUS-Community-Social-Media-Image4-150x150.jpg 150w, https:\/\/ignuscommunity.es\/blog\/wp-content\/uploads\/2014\/09\/IGNUS-Community-Social-Media-Image4-300x300.jpg 300w\" sizes=\"(max-width: 600px) 100vw, 600px\" \/><\/p>\n<p style=\"text-align: justify;\">Aqu\u00ed te deja voltear la imagen, cambiar el sentido de la misma, una vez tenemos la imagen ajustada a nuestro gusto, le damos a Apply.<\/p>\n<p style=\"text-align: justify;\"><img loading=\"lazy\" class=\"aligncenter size-full wp-image-2412\" src=\"http:\/\/ignuscommunity.es\/blog\/wp-content\/uploads\/2014\/09\/IGNUS-Community-Social-Media-Image5.jpg\" alt=\"IGNUS-Community-Social-Media-Image5\" width=\"600\" height=\"600\" srcset=\"https:\/\/ignuscommunity.es\/blog\/wp-content\/uploads\/2014\/09\/IGNUS-Community-Social-Media-Image5.jpg 600w, https:\/\/ignuscommunity.es\/blog\/wp-content\/uploads\/2014\/09\/IGNUS-Community-Social-Media-Image5-150x150.jpg 150w, https:\/\/ignuscommunity.es\/blog\/wp-content\/uploads\/2014\/09\/IGNUS-Community-Social-Media-Image5-300x300.jpg 300w\" sizes=\"(max-width: 600px) 100vw, 600px\" \/><\/p>\n<p style=\"text-align: justify;\">Tras esto, <span style=\"color: #fdc82f;\">te permite aplicar a la imagen alg\u00fan filtro<\/span>. Cuando tengamos el filtro deseado aplicado le damos a la flechita azul y ya tenemos nuestra imagen para el perfil de facebook.<\/p>\n<p style=\"text-align: justify;\">\n<div class='tm-tweet-clear'><\/div>\n<div class='tm-click-to-tweet'>\n<div class='tm-ctt-text'><a href='https:\/\/twitter.com\/share?text=Redimensiona+tus+im%C3%A1genes+para+las+Redes+Sociales+gracias+a+Social+Media+Image+Maker&#038;url=https:\/\/ignuscommunity.es\/blog\/social-media-image-maker-redimensiona-tus-imagenes-para-las-redes-sociales\/' target='_blank'>Redimensiona tus im\u00e1genes para las Redes Sociales gracias a Social Media Image Maker<\/a><\/div>\n<p><a href='https:\/\/twitter.com\/share?text=Redimensiona+tus+im%C3%A1genes+para+las+Redes+Sociales+gracias+a+Social+Media+Image+Maker&#038;url=https:\/\/ignuscommunity.es\/blog\/social-media-image-maker-redimensiona-tus-imagenes-para-las-redes-sociales\/' target='_blank' class='tm-ctt-btn'>Click To Tweet<\/a><\/p>\n<div class='tm-ctt-tip'><\/div>\n<\/div>\n<p style=\"text-align: justify;\">Y, al igual que hemos hecho para esta imagen, se puede hacer <span style=\"color: #fdc82f;\">para muchas redes sociales<\/span>:<\/p>\n<p style=\"text-align: justify;\"><img loading=\"lazy\" class=\"aligncenter size-full wp-image-2405\" src=\"http:\/\/ignuscommunity.es\/blog\/wp-content\/uploads\/2014\/09\/IGNUS-Community-Social-Media-Image2.jpg\" alt=\"IGNUS-Community-Social-Media-Image2\" width=\"600\" height=\"600\" srcset=\"https:\/\/ignuscommunity.es\/blog\/wp-content\/uploads\/2014\/09\/IGNUS-Community-Social-Media-Image2.jpg 600w, https:\/\/ignuscommunity.es\/blog\/wp-content\/uploads\/2014\/09\/IGNUS-Community-Social-Media-Image2-150x150.jpg 150w, https:\/\/ignuscommunity.es\/blog\/wp-content\/uploads\/2014\/09\/IGNUS-Community-Social-Media-Image2-300x300.jpg 300w\" sizes=\"(max-width: 600px) 100vw, 600px\" \/><\/p>\n<p style=\"text-align: center;\"><span style=\"font-size: large; color: #fdc82f;\">\u00bfQu\u00e9 os parece esta aplicaci\u00f3n? \u00bfLa conoc\u00edais ya? Esperamos que os sirva!!<\/span><\/p>\n","protected":false},"excerpt":{"rendered":"<p>Hace tiempo abrimos un blog sobre tecnolog\u00edas, programaci\u00f3n, aplicaciones&#8230;pero viendo el rumbo que ha tomado ahora nuestra empresita, hemos visto que lo mejor es aunar estos dos blogs e ir trayendo aqu\u00ed todos esos post que<span class=\"excerpt-hellip\"> [\u2026]<\/span><\/p>\n","protected":false},"author":1,"featured_media":2404,"comment_status":"open","ping_status":"open","sticky":false,"template":"","format":"standard","meta":{"_mi_skip_tracking":false},"categories":[201,233,236],"tags":[209,477,178,141,208,215,213,204,118,214,13,205,206,211,56,212,210,207],"yoast_head":"<!-- This site is optimized with the Yoast SEO plugin v18.8 - https:\/\/yoast.com\/wordpress\/plugins\/seo\/ -->\n<title>Social Media Image Maker - IGNUS Community<\/title>\n<meta name=\"description\" content=\"Con Social Media Image Maker, pod\u00e9is ajustar vuestras im\u00e1genes a las distintas redes sociales.\" \/>\n<meta name=\"robots\" content=\"index, follow, max-snippet:-1, max-image-preview:large, max-video-preview:-1\" \/>\n<link rel=\"canonical\" href=\"https:\/\/ignuscommunity.es\/blog\/social-media-image-maker-redimensiona-tus-imagenes-para-las-redes-sociales\/\" \/>\n<meta property=\"og:locale\" content=\"es_ES\" \/>\n<meta property=\"og:type\" content=\"article\" \/>\n<meta property=\"og:title\" content=\"Social Media Image Maker - IGNUS Community\" \/>\n<meta property=\"og:description\" content=\"Con Social Media Image Maker, pod\u00e9is ajustar vuestras im\u00e1genes a las distintas redes sociales.\" \/>\n<meta property=\"og:url\" content=\"https:\/\/ignuscommunity.es\/blog\/social-media-image-maker-redimensiona-tus-imagenes-para-las-redes-sociales\/\" \/>\n<meta property=\"og:site_name\" content=\"IGNUS Community Blog\" \/>\n<meta property=\"article:published_time\" content=\"2014-09-11T12:46:19+00:00\" \/>\n<meta property=\"article:modified_time\" content=\"2014-09-19T10:18:01+00:00\" \/>\n<meta property=\"og:image\" content=\"https:\/\/ignuscommunity.es\/blog\/wp-content\/uploads\/2014\/09\/IGNUS-Community-Social-Media-Image.jpg\" \/>\n\t<meta property=\"og:image:width\" content=\"600\" \/>\n\t<meta property=\"og:image:height\" content=\"100\" \/>\n\t<meta property=\"og:image:type\" content=\"image\/jpeg\" \/>\n<meta name=\"twitter:label1\" content=\"Escrito por\" \/>\n\t<meta name=\"twitter:data1\" content=\"admin\" \/>\n\t<meta name=\"twitter:label2\" content=\"Tiempo de lectura\" \/>\n\t<meta name=\"twitter:data2\" content=\"2 minutos\" \/>\n<script type=\"application\/ld+json\" class=\"yoast-schema-graph\">{\"@context\":\"https:\/\/schema.org\",\"@graph\":[{\"@type\":\"WebSite\",\"@id\":\"https:\/\/ignuscommunity.es\/blog\/#website\",\"url\":\"https:\/\/ignuscommunity.es\/blog\/\",\"name\":\"IGNUS Community Blog\",\"description\":\"Solucionamos tus necesidades tecnol\u00f3gicas\",\"potentialAction\":[{\"@type\":\"SearchAction\",\"target\":{\"@type\":\"EntryPoint\",\"urlTemplate\":\"https:\/\/ignuscommunity.es\/blog\/?s={search_term_string}\"},\"query-input\":\"required name=search_term_string\"}],\"inLanguage\":\"es\"},{\"@type\":\"ImageObject\",\"inLanguage\":\"es\",\"@id\":\"https:\/\/ignuscommunity.es\/blog\/social-media-image-maker-redimensiona-tus-imagenes-para-las-redes-sociales\/#primaryimage\",\"url\":\"https:\/\/ignuscommunity.es\/blog\/wp-content\/uploads\/2014\/09\/IGNUS-Community-Social-Media-Image.jpg\",\"contentUrl\":\"https:\/\/ignuscommunity.es\/blog\/wp-content\/uploads\/2014\/09\/IGNUS-Community-Social-Media-Image.jpg\",\"width\":600,\"height\":100,\"caption\":\"IGNUS-Community-Social-Media-Image\"},{\"@type\":\"WebPage\",\"@id\":\"https:\/\/ignuscommunity.es\/blog\/social-media-image-maker-redimensiona-tus-imagenes-para-las-redes-sociales\/#webpage\",\"url\":\"https:\/\/ignuscommunity.es\/blog\/social-media-image-maker-redimensiona-tus-imagenes-para-las-redes-sociales\/\",\"name\":\"Social Media Image Maker - IGNUS Community\",\"isPartOf\":{\"@id\":\"https:\/\/ignuscommunity.es\/blog\/#website\"},\"primaryImageOfPage\":{\"@id\":\"https:\/\/ignuscommunity.es\/blog\/social-media-image-maker-redimensiona-tus-imagenes-para-las-redes-sociales\/#primaryimage\"},\"datePublished\":\"2014-09-11T12:46:19+00:00\",\"dateModified\":\"2014-09-19T10:18:01+00:00\",\"author\":{\"@id\":\"https:\/\/ignuscommunity.es\/blog\/#\/schema\/person\/96ee11f9b056139774c55e20fc172aa3\"},\"description\":\"Con Social Media Image Maker, pod\u00e9is ajustar vuestras im\u00e1genes a las distintas redes sociales.\",\"breadcrumb\":{\"@id\":\"https:\/\/ignuscommunity.es\/blog\/social-media-image-maker-redimensiona-tus-imagenes-para-las-redes-sociales\/#breadcrumb\"},\"inLanguage\":\"es\",\"potentialAction\":[{\"@type\":\"ReadAction\",\"target\":[\"https:\/\/ignuscommunity.es\/blog\/social-media-image-maker-redimensiona-tus-imagenes-para-las-redes-sociales\/\"]}]},{\"@type\":\"BreadcrumbList\",\"@id\":\"https:\/\/ignuscommunity.es\/blog\/social-media-image-maker-redimensiona-tus-imagenes-para-las-redes-sociales\/#breadcrumb\",\"itemListElement\":[{\"@type\":\"ListItem\",\"position\":1,\"name\":\"Home\",\"item\":\"https:\/\/ignuscommunity.es\/blog\/\"},{\"@type\":\"ListItem\",\"position\":2,\"name\":\"Social Media Image Maker: Redimensiona tus im\u00e1genes para las redes sociales\"}]},{\"@type\":\"Person\",\"@id\":\"https:\/\/ignuscommunity.es\/blog\/#\/schema\/person\/96ee11f9b056139774c55e20fc172aa3\",\"name\":\"admin\",\"image\":{\"@type\":\"ImageObject\",\"inLanguage\":\"es\",\"@id\":\"https:\/\/ignuscommunity.es\/blog\/#\/schema\/person\/image\/\",\"url\":\"https:\/\/secure.gravatar.com\/avatar\/6cc6243cb117d70cef2ce0d7f3eb267c?s=96&d=mm&r=g\",\"contentUrl\":\"https:\/\/secure.gravatar.com\/avatar\/6cc6243cb117d70cef2ce0d7f3eb267c?s=96&d=mm&r=g\",\"caption\":\"admin\"},\"url\":\"https:\/\/ignuscommunity.es\/blog\/author\/admin\/\"}]}<\/script>\n<!-- \/ Yoast SEO plugin. -->","yoast_head_json":{"title":"Social Media Image Maker - IGNUS Community","description":"Con Social Media Image Maker, pod\u00e9is ajustar vuestras im\u00e1genes a las distintas redes sociales.","robots":{"index":"index","follow":"follow","max-snippet":"max-snippet:-1","max-image-preview":"max-image-preview:large","max-video-preview":"max-video-preview:-1"},"canonical":"https:\/\/ignuscommunity.es\/blog\/social-media-image-maker-redimensiona-tus-imagenes-para-las-redes-sociales\/","og_locale":"es_ES","og_type":"article","og_title":"Social Media Image Maker - IGNUS Community","og_description":"Con Social Media Image Maker, pod\u00e9is ajustar vuestras im\u00e1genes a las distintas redes sociales.","og_url":"https:\/\/ignuscommunity.es\/blog\/social-media-image-maker-redimensiona-tus-imagenes-para-las-redes-sociales\/","og_site_name":"IGNUS Community Blog","article_published_time":"2014-09-11T12:46:19+00:00","article_modified_time":"2014-09-19T10:18:01+00:00","og_image":[{"width":600,"height":100,"url":"https:\/\/ignuscommunity.es\/blog\/wp-content\/uploads\/2014\/09\/IGNUS-Community-Social-Media-Image.jpg","type":"image\/jpeg"}],"twitter_misc":{"Escrito por":"admin","Tiempo de lectura":"2 minutos"},"schema":{"@context":"https:\/\/schema.org","@graph":[{"@type":"WebSite","@id":"https:\/\/ignuscommunity.es\/blog\/#website","url":"https:\/\/ignuscommunity.es\/blog\/","name":"IGNUS Community Blog","description":"Solucionamos tus necesidades tecnol\u00f3gicas","potentialAction":[{"@type":"SearchAction","target":{"@type":"EntryPoint","urlTemplate":"https:\/\/ignuscommunity.es\/blog\/?s={search_term_string}"},"query-input":"required name=search_term_string"}],"inLanguage":"es"},{"@type":"ImageObject","inLanguage":"es","@id":"https:\/\/ignuscommunity.es\/blog\/social-media-image-maker-redimensiona-tus-imagenes-para-las-redes-sociales\/#primaryimage","url":"https:\/\/ignuscommunity.es\/blog\/wp-content\/uploads\/2014\/09\/IGNUS-Community-Social-Media-Image.jpg","contentUrl":"https:\/\/ignuscommunity.es\/blog\/wp-content\/uploads\/2014\/09\/IGNUS-Community-Social-Media-Image.jpg","width":600,"height":100,"caption":"IGNUS-Community-Social-Media-Image"},{"@type":"WebPage","@id":"https:\/\/ignuscommunity.es\/blog\/social-media-image-maker-redimensiona-tus-imagenes-para-las-redes-sociales\/#webpage","url":"https:\/\/ignuscommunity.es\/blog\/social-media-image-maker-redimensiona-tus-imagenes-para-las-redes-sociales\/","name":"Social Media Image Maker - IGNUS Community","isPartOf":{"@id":"https:\/\/ignuscommunity.es\/blog\/#website"},"primaryImageOfPage":{"@id":"https:\/\/ignuscommunity.es\/blog\/social-media-image-maker-redimensiona-tus-imagenes-para-las-redes-sociales\/#primaryimage"},"datePublished":"2014-09-11T12:46:19+00:00","dateModified":"2014-09-19T10:18:01+00:00","author":{"@id":"https:\/\/ignuscommunity.es\/blog\/#\/schema\/person\/96ee11f9b056139774c55e20fc172aa3"},"description":"Con Social Media Image Maker, pod\u00e9is ajustar vuestras im\u00e1genes a las distintas redes sociales.","breadcrumb":{"@id":"https:\/\/ignuscommunity.es\/blog\/social-media-image-maker-redimensiona-tus-imagenes-para-las-redes-sociales\/#breadcrumb"},"inLanguage":"es","potentialAction":[{"@type":"ReadAction","target":["https:\/\/ignuscommunity.es\/blog\/social-media-image-maker-redimensiona-tus-imagenes-para-las-redes-sociales\/"]}]},{"@type":"BreadcrumbList","@id":"https:\/\/ignuscommunity.es\/blog\/social-media-image-maker-redimensiona-tus-imagenes-para-las-redes-sociales\/#breadcrumb","itemListElement":[{"@type":"ListItem","position":1,"name":"Home","item":"https:\/\/ignuscommunity.es\/blog\/"},{"@type":"ListItem","position":2,"name":"Social Media Image Maker: Redimensiona tus im\u00e1genes para las redes sociales"}]},{"@type":"Person","@id":"https:\/\/ignuscommunity.es\/blog\/#\/schema\/person\/96ee11f9b056139774c55e20fc172aa3","name":"admin","image":{"@type":"ImageObject","inLanguage":"es","@id":"https:\/\/ignuscommunity.es\/blog\/#\/schema\/person\/image\/","url":"https:\/\/secure.gravatar.com\/avatar\/6cc6243cb117d70cef2ce0d7f3eb267c?s=96&d=mm&r=g","contentUrl":"https:\/\/secure.gravatar.com\/avatar\/6cc6243cb117d70cef2ce0d7f3eb267c?s=96&d=mm&r=g","caption":"admin"},"url":"https:\/\/ignuscommunity.es\/blog\/author\/admin\/"}]}},"_links":{"self":[{"href":"https:\/\/ignuscommunity.es\/blog\/wp-json\/wp\/v2\/posts\/2403"}],"collection":[{"href":"https:\/\/ignuscommunity.es\/blog\/wp-json\/wp\/v2\/posts"}],"about":[{"href":"https:\/\/ignuscommunity.es\/blog\/wp-json\/wp\/v2\/types\/post"}],"author":[{"embeddable":true,"href":"https:\/\/ignuscommunity.es\/blog\/wp-json\/wp\/v2\/users\/1"}],"replies":[{"embeddable":true,"href":"https:\/\/ignuscommunity.es\/blog\/wp-json\/wp\/v2\/comments?post=2403"}],"version-history":[{"count":9,"href":"https:\/\/ignuscommunity.es\/blog\/wp-json\/wp\/v2\/posts\/2403\/revisions"}],"predecessor-version":[{"id":2596,"href":"https:\/\/ignuscommunity.es\/blog\/wp-json\/wp\/v2\/posts\/2403\/revisions\/2596"}],"wp:featuredmedia":[{"embeddable":true,"href":"https:\/\/ignuscommunity.es\/blog\/wp-json\/wp\/v2\/media\/2404"}],"wp:attachment":[{"href":"https:\/\/ignuscommunity.es\/blog\/wp-json\/wp\/v2\/media?parent=2403"}],"wp:term":[{"taxonomy":"category","embeddable":true,"href":"https:\/\/ignuscommunity.es\/blog\/wp-json\/wp\/v2\/categories?post=2403"},{"taxonomy":"post_tag","embeddable":true,"href":"https:\/\/ignuscommunity.es\/blog\/wp-json\/wp\/v2\/tags?post=2403"}],"curies":[{"name":"wp","href":"https:\/\/api.w.org\/{rel}","templated":true}]}}