{"id":2600,"date":"2014-09-16T10:44:03","date_gmt":"2014-09-16T09:44:03","guid":{"rendered":"http:\/\/ignuscommunity.es\/blog\/?p=2600"},"modified":"2014-09-19T11:17:03","modified_gmt":"2014-09-19T10:17:03","slug":"semana-europea-de-la-movilidad-2014","status":"publish","type":"post","link":"https:\/\/ignuscommunity.es\/blog\/semana-europea-de-la-movilidad-2014\/","title":{"rendered":"Semana europea de la movilidad 2014"},"content":{"rendered":"<p style=\"text-align: justify;\">Buenos d\u00edas! Hoy comienza la<span style=\"font-size: 14pt; color: #fdc82f;\"> semana europea de la movilidad<\/span>. Este a\u00f1o, bajo el lema:<\/p>\n<p><img loading=\"lazy\" class=\"wp-image-2601 size-full aligncenter\" src=\"http:\/\/ignuscommunity.es\/blog\/wp-content\/uploads\/2014\/09\/IGNUS-Community-semana-europea-de-la-movilidad-lema.jpg\" alt=\"IGNUS-Community-semana-europea de la movilidad-lema\" width=\"500\" height=\"104\" srcset=\"https:\/\/ignuscommunity.es\/blog\/wp-content\/uploads\/2014\/09\/IGNUS-Community-semana-europea-de-la-movilidad-lema.jpg 500w, https:\/\/ignuscommunity.es\/blog\/wp-content\/uploads\/2014\/09\/IGNUS-Community-semana-europea-de-la-movilidad-lema-300x62.jpg 300w\" sizes=\"(max-width: 500px) 100vw, 500px\" \/><\/p>\n<p style=\"text-align: justify;\">\u00abLa <strong>Movilidad Sostenible<\/strong> no es ni m\u00e1s menos que buscar y encontrar la sostenibilidad en la movilidad de los seres humanos en el marco de las relaciones que estos establecen en cuanto a los desplazamientos personales y de sus materiales, mejorando siempre (de manera m\u00e1s eficiente) la accesibilidad a determinados lugares.<!--more--><\/p>\n<p style=\"text-align: justify;\">Pero la Movilidad Sostenible no s\u00f3lo se consigue mejorando los sistemas de transporte, sino (y tambi\u00e9n) racionalizando el porqu\u00e9 de determinados desplazamientos que conllevan nuevas ocupaciones de suelo y, si estas se verificaran, que lo hicieran de manera adecuada ambientalmente, es decir, produciendo las menores incidencias a nivel local y global.\u00bb<\/p>\n<p style=\"text-align: justify;\">\n<div class='tm-tweet-clear'><\/div>\n<div class='tm-click-to-tweet'>\n<div class='tm-ctt-text'><a href='https:\/\/twitter.com\/share?text=Semana+Europea+de+la+Movilidad+%23SEM2014+v%C3%ADa+%40IGreenFactor&#038;url=https:\/\/ignuscommunity.es\/blog\/semana-europea-de-la-movilidad-2014\/' target='_blank'>Semana Europea de la Movilidad #SEM2014 v\u00eda @IGreenFactor<\/a><\/div>\n<p><a href='https:\/\/twitter.com\/share?text=Semana+Europea+de+la+Movilidad+%23SEM2014+v%C3%ADa+%40IGreenFactor&#038;url=https:\/\/ignuscommunity.es\/blog\/semana-europea-de-la-movilidad-2014\/' target='_blank' class='tm-ctt-btn'>Click To Tweet<\/a><\/p>\n<div class='tm-ctt-tip'><\/div>\n<\/div>\n<p style=\"text-align: justify;\">\u00abSeg\u00fan el denominado \u201cInforme Brundtland\u201d (Naciones Unidas, 1987), la sostenibilidad debe entenderse como la clave de un sistema econ\u00f3mico y social que satisfaga las necesidades del presente sin comprometer las necesidades de las futuras generaciones. Esto, trasladado a la movilidad, querr\u00eda decir que el marco de interrelaciones humanas actuales (sus interconexiones), no afectaran al futuro, y que los entornos urbanos se configuraran de tal manera que la habitabilidad en ellos quedara garantizada. La Movilidad s\u00f3lo es Sostenible si los asentamientos humanos, si los entornos urbanos, son habitables en sentido amplio.\u00bb<\/p>\n<p style=\"text-align: justify;\"><img loading=\"lazy\" class=\"aligncenter size-full wp-image-2602\" src=\"http:\/\/ignuscommunity.es\/blog\/wp-content\/uploads\/2014\/09\/IGNUS-Community-semana-europea-de-la-movilidad.jpg\" alt=\"IGNUS-Community-semana-europea de la movilidad\" width=\"500\" height=\"104\" srcset=\"https:\/\/ignuscommunity.es\/blog\/wp-content\/uploads\/2014\/09\/IGNUS-Community-semana-europea-de-la-movilidad.jpg 500w, https:\/\/ignuscommunity.es\/blog\/wp-content\/uploads\/2014\/09\/IGNUS-Community-semana-europea-de-la-movilidad-300x62.jpg 300w\" sizes=\"(max-width: 500px) 100vw, 500px\" \/><\/p>\n<p style=\"text-align: justify;\">\n<p style=\"text-align: justify;\">\u00abEsto lleva a plantear que la sostenibilidad en estas interconexiones humanas debe dar respuestas adecuadas socioecon\u00f3micas y ambientalmente a dos cuestiones clave: c\u00f3mo se debe realizar esta movilidad, con qu\u00e9 instrumentos, veh\u00edculos se debe verificar la misma, pero tambi\u00e9n ligado a ello, el porqu\u00e9 de estos desplazamientos, es decir, cu\u00e1l es el papel de los mismos en el contexto de desarrollo de los geosistemas sociales humanos y si no pueden ser replanteados, lo cual llevar\u00eda a pensar en contextos ligados a la Ordenaci\u00f3n Territorial y al planeamiento urban\u00edstico, marco \u00e9ste de reglas del juego donde se configura el dise\u00f1o de los asentamientos humanos, donde en el imaginario colectivo las ciudades (y la interrelaciones entre ellas) conlleva una entidad propia de gran valor que debe primar la habitabilidad y lo saludable de las mismas.\u00bb<\/p>\n<p style=\"text-align: justify;\">Para saber m\u00e1s sobre Movilidad Sostenible, haz <a href=\"http:\/\/movilidad-sostenible.org\/que-es-la-movilidad-sostenible\/\" target=\"_blank\"><strong><span style=\"color: #fdc82f;\">clic<\/span><\/strong><\/a>.<\/p>\n<p style=\"text-align: justify;\">Son muchas las actividades programadas para esta semana, tienes una lista de todas ellas <a href=\"http:\/\/movilidad-sostenible.org\/semana-europea-de-la-movilidad-2014\/eventos-programados\/\" target=\"_blank\"><strong><span style=\"color: #fdc82f;\">aqu\u00ed<\/span><\/strong><\/a>.<\/p>\n<p style=\"text-align: justify;\">Fuente: movilidad-sostenible.<\/p>\n<p style=\"text-align: center;\"><strong><span style=\"color: #fdc82f; font-size: 18pt;\">Y t\u00fa, \u00bfte animas a participar?<\/span><\/strong><\/p>\n","protected":false},"excerpt":{"rendered":"<p>Buenos d\u00edas! Hoy comienza la semana europea de la movilidad. Este a\u00f1o, bajo el lema: \u00abLa Movilidad Sostenible no es ni m\u00e1s menos que buscar y encontrar la sostenibilidad en la movilidad de los seres humanos<span class=\"excerpt-hellip\"> [\u2026]<\/span><\/p>\n","protected":false},"author":7,"featured_media":2603,"comment_status":"open","ping_status":"open","sticky":false,"template":"","format":"standard","meta":{"_mi_skip_tracking":false},"categories":[237,201],"tags":[18,21,11,113,229,73,87],"yoast_head":"<!-- This site is optimized with the Yoast SEO plugin v18.8 - https:\/\/yoast.com\/wordpress\/plugins\/seo\/ -->\n<title>Semana europea de la movilidad 2014 - IGNUS Community<\/title>\n<meta name=\"description\" content=\"Hoy comienza la semana europea de la movilidad. Este a\u00f1o, bajo el lema: una calle mejor es tu elecci\u00f3n\" \/>\n<meta name=\"robots\" content=\"index, follow, max-snippet:-1, max-image-preview:large, max-video-preview:-1\" \/>\n<link rel=\"canonical\" href=\"https:\/\/ignuscommunity.es\/blog\/semana-europea-de-la-movilidad-2014\/\" \/>\n<meta property=\"og:locale\" content=\"es_ES\" \/>\n<meta property=\"og:type\" content=\"article\" \/>\n<meta property=\"og:title\" content=\"Semana europea de la movilidad 2014 - IGNUS Community\" \/>\n<meta property=\"og:description\" content=\"Hoy comienza la semana europea de la movilidad. Este a\u00f1o, bajo el lema: una calle mejor es tu elecci\u00f3n\" \/>\n<meta property=\"og:url\" content=\"https:\/\/ignuscommunity.es\/blog\/semana-europea-de-la-movilidad-2014\/\" \/>\n<meta property=\"og:site_name\" content=\"IGNUS Community Blog\" \/>\n<meta property=\"article:published_time\" content=\"2014-09-16T09:44:03+00:00\" \/>\n<meta property=\"article:modified_time\" content=\"2014-09-19T10:17:03+00:00\" \/>\n<meta property=\"og:image\" content=\"https:\/\/ignuscommunity.es\/blog\/wp-content\/uploads\/2014\/09\/IGNUS-Community-semana-europea-movilidad-destacada.jpg\" \/>\n\t<meta property=\"og:image:width\" content=\"194\" \/>\n\t<meta property=\"og:image:height\" content=\"150\" \/>\n\t<meta property=\"og:image:type\" content=\"image\/jpeg\" \/>\n<meta name=\"twitter:label1\" content=\"Escrito por\" \/>\n\t<meta name=\"twitter:data1\" content=\"CristinaSC\" \/>\n\t<meta name=\"twitter:label2\" content=\"Tiempo de lectura\" \/>\n\t<meta name=\"twitter:data2\" content=\"2 minutos\" \/>\n<script type=\"application\/ld+json\" class=\"yoast-schema-graph\">{\"@context\":\"https:\/\/schema.org\",\"@graph\":[{\"@type\":\"WebSite\",\"@id\":\"https:\/\/ignuscommunity.es\/blog\/#website\",\"url\":\"https:\/\/ignuscommunity.es\/blog\/\",\"name\":\"IGNUS Community Blog\",\"description\":\"Solucionamos tus necesidades tecnol\u00f3gicas\",\"potentialAction\":[{\"@type\":\"SearchAction\",\"target\":{\"@type\":\"EntryPoint\",\"urlTemplate\":\"https:\/\/ignuscommunity.es\/blog\/?s={search_term_string}\"},\"query-input\":\"required name=search_term_string\"}],\"inLanguage\":\"es\"},{\"@type\":\"ImageObject\",\"inLanguage\":\"es\",\"@id\":\"https:\/\/ignuscommunity.es\/blog\/semana-europea-de-la-movilidad-2014\/#primaryimage\",\"url\":\"https:\/\/ignuscommunity.es\/blog\/wp-content\/uploads\/2014\/09\/IGNUS-Community-semana-europea-movilidad-destacada.jpg\",\"contentUrl\":\"https:\/\/ignuscommunity.es\/blog\/wp-content\/uploads\/2014\/09\/IGNUS-Community-semana-europea-movilidad-destacada.jpg\",\"width\":194,\"height\":150,\"caption\":\"http:\/\/ignuscommunity.es\/blog\/wp-content\/uploads\/2014\/09\/IGNUS-Community-semana-europea-movilidad-destacada.jpg\"},{\"@type\":\"WebPage\",\"@id\":\"https:\/\/ignuscommunity.es\/blog\/semana-europea-de-la-movilidad-2014\/#webpage\",\"url\":\"https:\/\/ignuscommunity.es\/blog\/semana-europea-de-la-movilidad-2014\/\",\"name\":\"Semana europea de la movilidad 2014 - IGNUS Community\",\"isPartOf\":{\"@id\":\"https:\/\/ignuscommunity.es\/blog\/#website\"},\"primaryImageOfPage\":{\"@id\":\"https:\/\/ignuscommunity.es\/blog\/semana-europea-de-la-movilidad-2014\/#primaryimage\"},\"datePublished\":\"2014-09-16T09:44:03+00:00\",\"dateModified\":\"2014-09-19T10:17:03+00:00\",\"author\":{\"@id\":\"https:\/\/ignuscommunity.es\/blog\/#\/schema\/person\/eac53e7dbf42c97a60e0abc50b9b04b4\"},\"description\":\"Hoy comienza la semana europea de la movilidad. Este a\u00f1o, bajo el lema: una calle mejor es tu elecci\u00f3n\",\"breadcrumb\":{\"@id\":\"https:\/\/ignuscommunity.es\/blog\/semana-europea-de-la-movilidad-2014\/#breadcrumb\"},\"inLanguage\":\"es\",\"potentialAction\":[{\"@type\":\"ReadAction\",\"target\":[\"https:\/\/ignuscommunity.es\/blog\/semana-europea-de-la-movilidad-2014\/\"]}]},{\"@type\":\"BreadcrumbList\",\"@id\":\"https:\/\/ignuscommunity.es\/blog\/semana-europea-de-la-movilidad-2014\/#breadcrumb\",\"itemListElement\":[{\"@type\":\"ListItem\",\"position\":1,\"name\":\"Home\",\"item\":\"https:\/\/ignuscommunity.es\/blog\/\"},{\"@type\":\"ListItem\",\"position\":2,\"name\":\"Semana europea de la movilidad 2014\"}]},{\"@type\":\"Person\",\"@id\":\"https:\/\/ignuscommunity.es\/blog\/#\/schema\/person\/eac53e7dbf42c97a60e0abc50b9b04b4\",\"name\":\"CristinaSC\",\"image\":{\"@type\":\"ImageObject\",\"inLanguage\":\"es\",\"@id\":\"https:\/\/ignuscommunity.es\/blog\/#\/schema\/person\/image\/\",\"url\":\"https:\/\/secure.gravatar.com\/avatar\/ce0aeac357b40e457371d1c4d575c94f?s=96&d=mm&r=g\",\"contentUrl\":\"https:\/\/secure.gravatar.com\/avatar\/ce0aeac357b40e457371d1c4d575c94f?s=96&d=mm&r=g\",\"caption\":\"CristinaSC\"},\"sameAs\":[\"http:\/\/www.ignuscommunity.com\",\"https:\/\/twitter.com\/ignuscommunity\"],\"url\":\"https:\/\/ignuscommunity.es\/blog\/author\/cristinasc\/\"}]}<\/script>\n<!-- \/ Yoast SEO plugin. -->","yoast_head_json":{"title":"Semana europea de la movilidad 2014 - IGNUS Community","description":"Hoy comienza la semana europea de la movilidad. Este a\u00f1o, bajo el lema: una calle mejor es tu elecci\u00f3n","robots":{"index":"index","follow":"follow","max-snippet":"max-snippet:-1","max-image-preview":"max-image-preview:large","max-video-preview":"max-video-preview:-1"},"canonical":"https:\/\/ignuscommunity.es\/blog\/semana-europea-de-la-movilidad-2014\/","og_locale":"es_ES","og_type":"article","og_title":"Semana europea de la movilidad 2014 - IGNUS Community","og_description":"Hoy comienza la semana europea de la movilidad. Este a\u00f1o, bajo el lema: una calle mejor es tu elecci\u00f3n","og_url":"https:\/\/ignuscommunity.es\/blog\/semana-europea-de-la-movilidad-2014\/","og_site_name":"IGNUS Community Blog","article_published_time":"2014-09-16T09:44:03+00:00","article_modified_time":"2014-09-19T10:17:03+00:00","og_image":[{"width":194,"height":150,"url":"https:\/\/ignuscommunity.es\/blog\/wp-content\/uploads\/2014\/09\/IGNUS-Community-semana-europea-movilidad-destacada.jpg","type":"image\/jpeg"}],"twitter_misc":{"Escrito por":"CristinaSC","Tiempo de lectura":"2 minutos"},"schema":{"@context":"https:\/\/schema.org","@graph":[{"@type":"WebSite","@id":"https:\/\/ignuscommunity.es\/blog\/#website","url":"https:\/\/ignuscommunity.es\/blog\/","name":"IGNUS Community Blog","description":"Solucionamos tus necesidades tecnol\u00f3gicas","potentialAction":[{"@type":"SearchAction","target":{"@type":"EntryPoint","urlTemplate":"https:\/\/ignuscommunity.es\/blog\/?s={search_term_string}"},"query-input":"required name=search_term_string"}],"inLanguage":"es"},{"@type":"ImageObject","inLanguage":"es","@id":"https:\/\/ignuscommunity.es\/blog\/semana-europea-de-la-movilidad-2014\/#primaryimage","url":"https:\/\/ignuscommunity.es\/blog\/wp-content\/uploads\/2014\/09\/IGNUS-Community-semana-europea-movilidad-destacada.jpg","contentUrl":"https:\/\/ignuscommunity.es\/blog\/wp-content\/uploads\/2014\/09\/IGNUS-Community-semana-europea-movilidad-destacada.jpg","width":194,"height":150,"caption":"http:\/\/ignuscommunity.es\/blog\/wp-content\/uploads\/2014\/09\/IGNUS-Community-semana-europea-movilidad-destacada.jpg"},{"@type":"WebPage","@id":"https:\/\/ignuscommunity.es\/blog\/semana-europea-de-la-movilidad-2014\/#webpage","url":"https:\/\/ignuscommunity.es\/blog\/semana-europea-de-la-movilidad-2014\/","name":"Semana europea de la movilidad 2014 - IGNUS Community","isPartOf":{"@id":"https:\/\/ignuscommunity.es\/blog\/#website"},"primaryImageOfPage":{"@id":"https:\/\/ignuscommunity.es\/blog\/semana-europea-de-la-movilidad-2014\/#primaryimage"},"datePublished":"2014-09-16T09:44:03+00:00","dateModified":"2014-09-19T10:17:03+00:00","author":{"@id":"https:\/\/ignuscommunity.es\/blog\/#\/schema\/person\/eac53e7dbf42c97a60e0abc50b9b04b4"},"description":"Hoy comienza la semana europea de la movilidad. Este a\u00f1o, bajo el lema: una calle mejor es tu elecci\u00f3n","breadcrumb":{"@id":"https:\/\/ignuscommunity.es\/blog\/semana-europea-de-la-movilidad-2014\/#breadcrumb"},"inLanguage":"es","potentialAction":[{"@type":"ReadAction","target":["https:\/\/ignuscommunity.es\/blog\/semana-europea-de-la-movilidad-2014\/"]}]},{"@type":"BreadcrumbList","@id":"https:\/\/ignuscommunity.es\/blog\/semana-europea-de-la-movilidad-2014\/#breadcrumb","itemListElement":[{"@type":"ListItem","position":1,"name":"Home","item":"https:\/\/ignuscommunity.es\/blog\/"},{"@type":"ListItem","position":2,"name":"Semana europea de la movilidad 2014"}]},{"@type":"Person","@id":"https:\/\/ignuscommunity.es\/blog\/#\/schema\/person\/eac53e7dbf42c97a60e0abc50b9b04b4","name":"CristinaSC","image":{"@type":"ImageObject","inLanguage":"es","@id":"https:\/\/ignuscommunity.es\/blog\/#\/schema\/person\/image\/","url":"https:\/\/secure.gravatar.com\/avatar\/ce0aeac357b40e457371d1c4d575c94f?s=96&d=mm&r=g","contentUrl":"https:\/\/secure.gravatar.com\/avatar\/ce0aeac357b40e457371d1c4d575c94f?s=96&d=mm&r=g","caption":"CristinaSC"},"sameAs":["http:\/\/www.ignuscommunity.com","https:\/\/twitter.com\/ignuscommunity"],"url":"https:\/\/ignuscommunity.es\/blog\/author\/cristinasc\/"}]}},"_links":{"self":[{"href":"https:\/\/ignuscommunity.es\/blog\/wp-json\/wp\/v2\/posts\/2600"}],"collection":[{"href":"https:\/\/ignuscommunity.es\/blog\/wp-json\/wp\/v2\/posts"}],"about":[{"href":"https:\/\/ignuscommunity.es\/blog\/wp-json\/wp\/v2\/types\/post"}],"author":[{"embeddable":true,"href":"https:\/\/ignuscommunity.es\/blog\/wp-json\/wp\/v2\/users\/7"}],"replies":[{"embeddable":true,"href":"https:\/\/ignuscommunity.es\/blog\/wp-json\/wp\/v2\/comments?post=2600"}],"version-history":[{"count":1,"href":"https:\/\/ignuscommunity.es\/blog\/wp-json\/wp\/v2\/posts\/2600\/revisions"}],"predecessor-version":[{"id":2604,"href":"https:\/\/ignuscommunity.es\/blog\/wp-json\/wp\/v2\/posts\/2600\/revisions\/2604"}],"wp:featuredmedia":[{"embeddable":true,"href":"https:\/\/ignuscommunity.es\/blog\/wp-json\/wp\/v2\/media\/2603"}],"wp:attachment":[{"href":"https:\/\/ignuscommunity.es\/blog\/wp-json\/wp\/v2\/media?parent=2600"}],"wp:term":[{"taxonomy":"category","embeddable":true,"href":"https:\/\/ignuscommunity.es\/blog\/wp-json\/wp\/v2\/categories?post=2600"},{"taxonomy":"post_tag","embeddable":true,"href":"https:\/\/ignuscommunity.es\/blog\/wp-json\/wp\/v2\/tags?post=2600"}],"curies":[{"name":"wp","href":"https:\/\/api.w.org\/{rel}","templated":true}]}}