{"id":3537,"date":"2016-03-16T09:50:24","date_gmt":"2016-03-16T08:50:24","guid":{"rendered":"http:\/\/ignuscommunity.es\/blog\/?p=3537"},"modified":"2016-07-20T11:04:18","modified_gmt":"2016-07-20T10:04:18","slug":"fabrica-de-perfumes-mafalda","status":"publish","type":"post","link":"https:\/\/ignuscommunity.es\/blog\/fabrica-de-perfumes-mafalda\/","title":{"rendered":"F\u00e1brica de perfumes: Mafalda"},"content":{"rendered":"<p style=\"text-align: justify;\">Buenas!! Hoy os presentamos otro de nuestros proyecto, en esta ocasi\u00f3n relacionado con el <a href=\"http:\/\/www.ignuscommunity.com\/diseno\/\" target=\"_blank\">dise\u00f1o de logo, etiquetas y packaging<\/a>.<\/p>\n<p style=\"text-align: justify;\">La f\u00e1brica de perfumes Mafalda quer\u00eda darle <span style=\"color: #fdc82f; font-size: 14pt;\">una vuelta a su imagen<\/span> y se pusieron en contacto con nosotros para que nos pusi\u00e9ramos manos a la obra. <!--more--><\/p>\n<p style=\"text-align: justify;\">De las tres propuestas que le presentamos se quedaron con la m\u00e1s atrevida, diferente a la que ten\u00edan en su inicio y donde nos permitimos darle <span style=\"color: #fdc82f;\"><strong>un toque manual<\/strong><\/span>, ya que la tipograf\u00eda est\u00e1 hecha a mano, por lo que es \u00fanica.<\/p>\n<p style=\"text-align: justify;\"><img loading=\"lazy\" class=\"aligncenter size-full wp-image-3541\" src=\"http:\/\/ignuscommunity.es\/blog\/wp-content\/uploads\/2016\/03\/IGNUS-Community-Mafalda-2.jpg\" alt=\"IGNUS Community Mafalda\" width=\"400\" height=\"400\" srcset=\"https:\/\/ignuscommunity.es\/blog\/wp-content\/uploads\/2016\/03\/IGNUS-Community-Mafalda-2.jpg 400w, https:\/\/ignuscommunity.es\/blog\/wp-content\/uploads\/2016\/03\/IGNUS-Community-Mafalda-2-150x150.jpg 150w, https:\/\/ignuscommunity.es\/blog\/wp-content\/uploads\/2016\/03\/IGNUS-Community-Mafalda-2-300x300.jpg 300w\" sizes=\"(max-width: 400px) 100vw, 400px\" \/><\/p>\n<p style=\"text-align: justify;\">Buscamos transmitir la cercan\u00eda con el trato a los clientes, una imagen completamente diferente a la anterior cuya finalidad es que, teniendo en cuenta los a\u00f1os de experiencia de Perfumer\u00eda Mafalda, se trata de <strong><span style=\"color: #fdc82f;\">una marca que se actualiza<\/span><\/strong> en los tiempos en los que se encuentra.<\/p>\n<p style=\"text-align: justify;\"><img loading=\"lazy\" class=\"aligncenter size-full wp-image-3542\" src=\"http:\/\/ignuscommunity.es\/blog\/wp-content\/uploads\/2016\/03\/IGNUS-Community-Mafalda-3.jpg\" alt=\"IGNUS Community Mafalda\" width=\"400\" height=\"400\" srcset=\"https:\/\/ignuscommunity.es\/blog\/wp-content\/uploads\/2016\/03\/IGNUS-Community-Mafalda-3.jpg 400w, https:\/\/ignuscommunity.es\/blog\/wp-content\/uploads\/2016\/03\/IGNUS-Community-Mafalda-3-150x150.jpg 150w, https:\/\/ignuscommunity.es\/blog\/wp-content\/uploads\/2016\/03\/IGNUS-Community-Mafalda-3-300x300.jpg 300w\" sizes=\"(max-width: 400px) 100vw, 400px\" \/><\/p>\n<p style=\"text-align: justify;\">En cuanto a los colores, hacen referencia a la ubicaci\u00f3n de la empresa, Jerez; azul, que representa tanto al mar como al cielo y el naranja que representa al albero y a la arena de la playa. Manteniendo esta gama para todas las etiquetas que les dise\u00f1amos (e imprimimos), ya que a esta imagen se le a\u00f1ade el de dos marcas m\u00e1s que tienen y que os muestro otro d\u00eda y para el packaging.<\/p>\n<p style=\"text-align: justify;\"><img loading=\"lazy\" class=\"aligncenter size-full wp-image-3543\" src=\"http:\/\/ignuscommunity.es\/blog\/wp-content\/uploads\/2016\/03\/IGNUS-Community-Mafalda-4.jpg\" alt=\"IGNUS Community Mafalda\" width=\"400\" height=\"400\" srcset=\"https:\/\/ignuscommunity.es\/blog\/wp-content\/uploads\/2016\/03\/IGNUS-Community-Mafalda-4.jpg 400w, https:\/\/ignuscommunity.es\/blog\/wp-content\/uploads\/2016\/03\/IGNUS-Community-Mafalda-4-150x150.jpg 150w, https:\/\/ignuscommunity.es\/blog\/wp-content\/uploads\/2016\/03\/IGNUS-Community-Mafalda-4-300x300.jpg 300w\" sizes=\"(max-width: 400px) 100vw, 400px\" \/><\/p>\n<p style=\"text-align: justify;\"><img loading=\"lazy\" class=\"aligncenter size-full wp-image-3544\" src=\"http:\/\/ignuscommunity.es\/blog\/wp-content\/uploads\/2016\/03\/IGNUS-Community-Mafalda-5.jpg\" alt=\"IGNUS Community Mafalda\" width=\"400\" height=\"400\" srcset=\"https:\/\/ignuscommunity.es\/blog\/wp-content\/uploads\/2016\/03\/IGNUS-Community-Mafalda-5.jpg 400w, https:\/\/ignuscommunity.es\/blog\/wp-content\/uploads\/2016\/03\/IGNUS-Community-Mafalda-5-150x150.jpg 150w, https:\/\/ignuscommunity.es\/blog\/wp-content\/uploads\/2016\/03\/IGNUS-Community-Mafalda-5-300x300.jpg 300w\" sizes=\"(max-width: 400px) 100vw, 400px\" \/><\/p>\n<p style=\"text-align: justify;\">Espero que te haya gustado y ya sabes que si est\u00e1s buscando un cambio de imagen para tu marca, puedes contactar con nosotros en <span style=\"color: #fdc82f; font-size: 18pt;\">info@ignuscommunity.com<\/span><\/p>\n","protected":false},"excerpt":{"rendered":"<p>Buenas!! Hoy os presentamos otro de nuestros proyecto, en esta ocasi\u00f3n relacionado con el dise\u00f1o de logo, etiquetas y packaging. La f\u00e1brica de perfumes Mafalda quer\u00eda darle una vuelta a su imagen y se pusieron en<span class=\"excerpt-hellip\"> [\u2026]<\/span><\/p>\n","protected":false},"author":7,"featured_media":3538,"comment_status":"open","ping_status":"open","sticky":false,"template":"","format":"standard","meta":{"_mi_skip_tracking":false},"categories":[235,201],"tags":[443,360,442,444,396],"yoast_head":"<!-- This site is optimized with the Yoast SEO plugin v18.8 - https:\/\/yoast.com\/wordpress\/plugins\/seo\/ -->\n<title>F\u00e1brica de perfumes: Mafalda - IGNUS Community Blog<\/title>\n<meta name=\"description\" content=\"Te presento el dise\u00f1o que le hicimos para la F\u00e1brica de Perfumes Mafalda, que quer\u00edan un cambio para su logo, etiquetas y packaging.\" \/>\n<meta name=\"robots\" content=\"index, follow, max-snippet:-1, max-image-preview:large, max-video-preview:-1\" \/>\n<link rel=\"canonical\" href=\"https:\/\/ignuscommunity.es\/blog\/fabrica-de-perfumes-mafalda\/\" \/>\n<meta property=\"og:locale\" content=\"es_ES\" \/>\n<meta property=\"og:type\" content=\"article\" \/>\n<meta property=\"og:title\" content=\"F\u00e1brica de perfumes: Mafalda - IGNUS Community Blog\" \/>\n<meta property=\"og:description\" content=\"Te presento el dise\u00f1o que le hicimos para la F\u00e1brica de Perfumes Mafalda, que quer\u00edan un cambio para su logo, etiquetas y packaging.\" \/>\n<meta property=\"og:url\" content=\"https:\/\/ignuscommunity.es\/blog\/fabrica-de-perfumes-mafalda\/\" \/>\n<meta property=\"og:site_name\" content=\"IGNUS Community Blog\" \/>\n<meta property=\"article:published_time\" content=\"2016-03-16T08:50:24+00:00\" \/>\n<meta property=\"article:modified_time\" content=\"2016-07-20T10:04:18+00:00\" \/>\n<meta property=\"og:image\" content=\"https:\/\/ignuscommunity.es\/blog\/wp-content\/uploads\/2016\/03\/IGNUS-Community-Mafalda-destacada.jpg\" \/>\n\t<meta property=\"og:image:width\" content=\"200\" \/>\n\t<meta property=\"og:image:height\" content=\"161\" \/>\n\t<meta property=\"og:image:type\" content=\"image\/jpeg\" \/>\n<meta name=\"twitter:label1\" content=\"Escrito por\" \/>\n\t<meta name=\"twitter:data1\" content=\"CristinaSC\" \/>\n\t<meta name=\"twitter:label2\" content=\"Tiempo de lectura\" \/>\n\t<meta name=\"twitter:data2\" content=\"1 minuto\" \/>\n<script type=\"application\/ld+json\" class=\"yoast-schema-graph\">{\"@context\":\"https:\/\/schema.org\",\"@graph\":[{\"@type\":\"WebSite\",\"@id\":\"https:\/\/ignuscommunity.es\/blog\/#website\",\"url\":\"https:\/\/ignuscommunity.es\/blog\/\",\"name\":\"IGNUS Community Blog\",\"description\":\"Solucionamos tus necesidades tecnol\u00f3gicas\",\"potentialAction\":[{\"@type\":\"SearchAction\",\"target\":{\"@type\":\"EntryPoint\",\"urlTemplate\":\"https:\/\/ignuscommunity.es\/blog\/?s={search_term_string}\"},\"query-input\":\"required name=search_term_string\"}],\"inLanguage\":\"es\"},{\"@type\":\"ImageObject\",\"inLanguage\":\"es\",\"@id\":\"https:\/\/ignuscommunity.es\/blog\/fabrica-de-perfumes-mafalda\/#primaryimage\",\"url\":\"https:\/\/ignuscommunity.es\/blog\/wp-content\/uploads\/2016\/03\/IGNUS-Community-Mafalda-destacada.jpg\",\"contentUrl\":\"https:\/\/ignuscommunity.es\/blog\/wp-content\/uploads\/2016\/03\/IGNUS-Community-Mafalda-destacada.jpg\",\"width\":200,\"height\":161,\"caption\":\"IGNUS Community Mafalda\"},{\"@type\":\"WebPage\",\"@id\":\"https:\/\/ignuscommunity.es\/blog\/fabrica-de-perfumes-mafalda\/#webpage\",\"url\":\"https:\/\/ignuscommunity.es\/blog\/fabrica-de-perfumes-mafalda\/\",\"name\":\"F\u00e1brica de perfumes: Mafalda - IGNUS Community Blog\",\"isPartOf\":{\"@id\":\"https:\/\/ignuscommunity.es\/blog\/#website\"},\"primaryImageOfPage\":{\"@id\":\"https:\/\/ignuscommunity.es\/blog\/fabrica-de-perfumes-mafalda\/#primaryimage\"},\"datePublished\":\"2016-03-16T08:50:24+00:00\",\"dateModified\":\"2016-07-20T10:04:18+00:00\",\"author\":{\"@id\":\"https:\/\/ignuscommunity.es\/blog\/#\/schema\/person\/eac53e7dbf42c97a60e0abc50b9b04b4\"},\"description\":\"Te presento el dise\u00f1o que le hicimos para la F\u00e1brica de Perfumes Mafalda, que quer\u00edan un cambio para su logo, etiquetas y packaging.\",\"breadcrumb\":{\"@id\":\"https:\/\/ignuscommunity.es\/blog\/fabrica-de-perfumes-mafalda\/#breadcrumb\"},\"inLanguage\":\"es\",\"potentialAction\":[{\"@type\":\"ReadAction\",\"target\":[\"https:\/\/ignuscommunity.es\/blog\/fabrica-de-perfumes-mafalda\/\"]}]},{\"@type\":\"BreadcrumbList\",\"@id\":\"https:\/\/ignuscommunity.es\/blog\/fabrica-de-perfumes-mafalda\/#breadcrumb\",\"itemListElement\":[{\"@type\":\"ListItem\",\"position\":1,\"name\":\"Home\",\"item\":\"https:\/\/ignuscommunity.es\/blog\/\"},{\"@type\":\"ListItem\",\"position\":2,\"name\":\"F\u00e1brica de perfumes: Mafalda\"}]},{\"@type\":\"Person\",\"@id\":\"https:\/\/ignuscommunity.es\/blog\/#\/schema\/person\/eac53e7dbf42c97a60e0abc50b9b04b4\",\"name\":\"CristinaSC\",\"image\":{\"@type\":\"ImageObject\",\"inLanguage\":\"es\",\"@id\":\"https:\/\/ignuscommunity.es\/blog\/#\/schema\/person\/image\/\",\"url\":\"https:\/\/secure.gravatar.com\/avatar\/ce0aeac357b40e457371d1c4d575c94f?s=96&d=mm&r=g\",\"contentUrl\":\"https:\/\/secure.gravatar.com\/avatar\/ce0aeac357b40e457371d1c4d575c94f?s=96&d=mm&r=g\",\"caption\":\"CristinaSC\"},\"sameAs\":[\"http:\/\/www.ignuscommunity.com\",\"https:\/\/twitter.com\/ignuscommunity\"],\"url\":\"https:\/\/ignuscommunity.es\/blog\/author\/cristinasc\/\"}]}<\/script>\n<!-- \/ Yoast SEO plugin. -->","yoast_head_json":{"title":"F\u00e1brica de perfumes: Mafalda - IGNUS Community Blog","description":"Te presento el dise\u00f1o que le hicimos para la F\u00e1brica de Perfumes Mafalda, que quer\u00edan un cambio para su logo, etiquetas y packaging.","robots":{"index":"index","follow":"follow","max-snippet":"max-snippet:-1","max-image-preview":"max-image-preview:large","max-video-preview":"max-video-preview:-1"},"canonical":"https:\/\/ignuscommunity.es\/blog\/fabrica-de-perfumes-mafalda\/","og_locale":"es_ES","og_type":"article","og_title":"F\u00e1brica de perfumes: Mafalda - IGNUS Community Blog","og_description":"Te presento el dise\u00f1o que le hicimos para la F\u00e1brica de Perfumes Mafalda, que quer\u00edan un cambio para su logo, etiquetas y packaging.","og_url":"https:\/\/ignuscommunity.es\/blog\/fabrica-de-perfumes-mafalda\/","og_site_name":"IGNUS Community Blog","article_published_time":"2016-03-16T08:50:24+00:00","article_modified_time":"2016-07-20T10:04:18+00:00","og_image":[{"width":200,"height":161,"url":"https:\/\/ignuscommunity.es\/blog\/wp-content\/uploads\/2016\/03\/IGNUS-Community-Mafalda-destacada.jpg","type":"image\/jpeg"}],"twitter_misc":{"Escrito por":"CristinaSC","Tiempo de lectura":"1 minuto"},"schema":{"@context":"https:\/\/schema.org","@graph":[{"@type":"WebSite","@id":"https:\/\/ignuscommunity.es\/blog\/#website","url":"https:\/\/ignuscommunity.es\/blog\/","name":"IGNUS Community Blog","description":"Solucionamos tus necesidades tecnol\u00f3gicas","potentialAction":[{"@type":"SearchAction","target":{"@type":"EntryPoint","urlTemplate":"https:\/\/ignuscommunity.es\/blog\/?s={search_term_string}"},"query-input":"required name=search_term_string"}],"inLanguage":"es"},{"@type":"ImageObject","inLanguage":"es","@id":"https:\/\/ignuscommunity.es\/blog\/fabrica-de-perfumes-mafalda\/#primaryimage","url":"https:\/\/ignuscommunity.es\/blog\/wp-content\/uploads\/2016\/03\/IGNUS-Community-Mafalda-destacada.jpg","contentUrl":"https:\/\/ignuscommunity.es\/blog\/wp-content\/uploads\/2016\/03\/IGNUS-Community-Mafalda-destacada.jpg","width":200,"height":161,"caption":"IGNUS Community Mafalda"},{"@type":"WebPage","@id":"https:\/\/ignuscommunity.es\/blog\/fabrica-de-perfumes-mafalda\/#webpage","url":"https:\/\/ignuscommunity.es\/blog\/fabrica-de-perfumes-mafalda\/","name":"F\u00e1brica de perfumes: Mafalda - IGNUS Community Blog","isPartOf":{"@id":"https:\/\/ignuscommunity.es\/blog\/#website"},"primaryImageOfPage":{"@id":"https:\/\/ignuscommunity.es\/blog\/fabrica-de-perfumes-mafalda\/#primaryimage"},"datePublished":"2016-03-16T08:50:24+00:00","dateModified":"2016-07-20T10:04:18+00:00","author":{"@id":"https:\/\/ignuscommunity.es\/blog\/#\/schema\/person\/eac53e7dbf42c97a60e0abc50b9b04b4"},"description":"Te presento el dise\u00f1o que le hicimos para la F\u00e1brica de Perfumes Mafalda, que quer\u00edan un cambio para su logo, etiquetas y packaging.","breadcrumb":{"@id":"https:\/\/ignuscommunity.es\/blog\/fabrica-de-perfumes-mafalda\/#breadcrumb"},"inLanguage":"es","potentialAction":[{"@type":"ReadAction","target":["https:\/\/ignuscommunity.es\/blog\/fabrica-de-perfumes-mafalda\/"]}]},{"@type":"BreadcrumbList","@id":"https:\/\/ignuscommunity.es\/blog\/fabrica-de-perfumes-mafalda\/#breadcrumb","itemListElement":[{"@type":"ListItem","position":1,"name":"Home","item":"https:\/\/ignuscommunity.es\/blog\/"},{"@type":"ListItem","position":2,"name":"F\u00e1brica de perfumes: Mafalda"}]},{"@type":"Person","@id":"https:\/\/ignuscommunity.es\/blog\/#\/schema\/person\/eac53e7dbf42c97a60e0abc50b9b04b4","name":"CristinaSC","image":{"@type":"ImageObject","inLanguage":"es","@id":"https:\/\/ignuscommunity.es\/blog\/#\/schema\/person\/image\/","url":"https:\/\/secure.gravatar.com\/avatar\/ce0aeac357b40e457371d1c4d575c94f?s=96&d=mm&r=g","contentUrl":"https:\/\/secure.gravatar.com\/avatar\/ce0aeac357b40e457371d1c4d575c94f?s=96&d=mm&r=g","caption":"CristinaSC"},"sameAs":["http:\/\/www.ignuscommunity.com","https:\/\/twitter.com\/ignuscommunity"],"url":"https:\/\/ignuscommunity.es\/blog\/author\/cristinasc\/"}]}},"_links":{"self":[{"href":"https:\/\/ignuscommunity.es\/blog\/wp-json\/wp\/v2\/posts\/3537"}],"collection":[{"href":"https:\/\/ignuscommunity.es\/blog\/wp-json\/wp\/v2\/posts"}],"about":[{"href":"https:\/\/ignuscommunity.es\/blog\/wp-json\/wp\/v2\/types\/post"}],"author":[{"embeddable":true,"href":"https:\/\/ignuscommunity.es\/blog\/wp-json\/wp\/v2\/users\/7"}],"replies":[{"embeddable":true,"href":"https:\/\/ignuscommunity.es\/blog\/wp-json\/wp\/v2\/comments?post=3537"}],"version-history":[{"count":6,"href":"https:\/\/ignuscommunity.es\/blog\/wp-json\/wp\/v2\/posts\/3537\/revisions"}],"predecessor-version":[{"id":3682,"href":"https:\/\/ignuscommunity.es\/blog\/wp-json\/wp\/v2\/posts\/3537\/revisions\/3682"}],"wp:featuredmedia":[{"embeddable":true,"href":"https:\/\/ignuscommunity.es\/blog\/wp-json\/wp\/v2\/media\/3538"}],"wp:attachment":[{"href":"https:\/\/ignuscommunity.es\/blog\/wp-json\/wp\/v2\/media?parent=3537"}],"wp:term":[{"taxonomy":"category","embeddable":true,"href":"https:\/\/ignuscommunity.es\/blog\/wp-json\/wp\/v2\/categories?post=3537"},{"taxonomy":"post_tag","embeddable":true,"href":"https:\/\/ignuscommunity.es\/blog\/wp-json\/wp\/v2\/tags?post=3537"}],"curies":[{"name":"wp","href":"https:\/\/api.w.org\/{rel}","templated":true}]}}