{"id":3629,"date":"2016-06-03T08:40:49","date_gmt":"2016-06-03T07:40:49","guid":{"rendered":"http:\/\/ignuscommunity.es\/blog\/?p=3629"},"modified":"2016-06-03T08:49:15","modified_gmt":"2016-06-03T07:49:15","slug":"5-de-junio-dia-mundial-del-medio-ambiente-2016","status":"publish","type":"post","link":"https:\/\/ignuscommunity.es\/blog\/5-de-junio-dia-mundial-del-medio-ambiente-2016\/","title":{"rendered":"5 DE JUNIO: D\u00cdA MUNDIAL DEL MEDIO AMBIENTE 2016"},"content":{"rendered":"<p style=\"text-align: justify;\">El pr\u00f3ximo domingo 5 de junio, como cada a\u00f1o, se celebra el <span style=\"color: #00adef;\">d\u00eda mundial del Medio Ambiente<\/span>. Este a\u00f1o tiene como lema:<\/p>\n<p style=\"text-align: center;\"><span style=\"font-size: 18pt; color: #00adef;\">\u00abVu\u00e9lvete salvaje por la vida\u00bb<\/span><\/p>\n<p style=\"text-align: justify;\">Donde te anima a difundir la informaci\u00f3n sobre los delitos contra la naturaleza y el da\u00f1o que hace, y a desafiar a todos aquellos a tu alrededor para que hagan todo lo posible para evitarlo.<\/p>\n<p style=\"text-align: center;\"><img loading=\"lazy\" class=\"aligncenter wp-image-3633\" src=\"http:\/\/ignuscommunity.es\/blog\/wp-content\/uploads\/2016\/06\/UNEP_WED_ITW_Spanish-1024x267.jpg\" alt=\"IGNUS Community D\u00eda Mundial del Medio Ambiente\" width=\"500\" height=\"131\" srcset=\"https:\/\/ignuscommunity.es\/blog\/wp-content\/uploads\/2016\/06\/UNEP_WED_ITW_Spanish-1024x267.jpg 1024w, https:\/\/ignuscommunity.es\/blog\/wp-content\/uploads\/2016\/06\/UNEP_WED_ITW_Spanish-300x78.jpg 300w, https:\/\/ignuscommunity.es\/blog\/wp-content\/uploads\/2016\/06\/UNEP_WED_ITW_Spanish-600x156.jpg 600w, https:\/\/ignuscommunity.es\/blog\/wp-content\/uploads\/2016\/06\/UNEP_WED_ITW_Spanish.jpg 1259w\" sizes=\"(max-width: 500px) 100vw, 500px\" \/><\/p>\n<p style=\"text-align: justify;\"><!--more--><\/p>\n<p style=\"text-align: justify;\">\u00abEl auge del comercio ilegal de productos de la vida silvestre est\u00e1 erosionando la preciosa biodiversidad de la Tierra, rob\u00e1ndonos nuestro patrimonio natural y <span style=\"color: #00adef;\">llevando a especies enteras al borde de la extinci\u00f3n<\/span>. La matanza y el contrabando tambi\u00e9n est\u00e1n socavando las econom\u00edas y los ecosistemas, impulsando el crimen organizado y alimentando la corrupci\u00f3n y la inseguridad en todo el mundo.<\/p>\n<p class=\"rtejustify\" style=\"text-align: justify;\">Los delitos contra la naturaleza ponen en peligro a los ic\u00f3nicos elefantes, rinocerontes, tigres, gorilas y tortugas marinas. En 2011, una subespecie del rinoceronte de Java se extingui\u00f3 en Vietnam, mientras que los \u00faltimos rinocerontes negros occidentales desaparecieron en Camer\u00fan ese mismo a\u00f1o. Los grandes simios han desaparecido de Gambia, Burkina Faso, Ben\u00edn y Togo, y otros pa\u00edses podr\u00edan ser a\u00f1adidos a esta lista muy pronto. Las v\u00edctimas menos conocidas incluyen a los c\u00e1lao de yelmo y los pangolines, as\u00ed como las orqu\u00eddeas silvestres y las maderas como el palo de rosa; \u00a1las flores y la madera tambi\u00e9n se consideran parte de la vida silvestre!<\/p>\n<p class=\"rtejustify\" style=\"text-align: justify;\"><img loading=\"lazy\" class=\"aligncenter wp-image-3630\" src=\"http:\/\/ignuscommunity.es\/blog\/wp-content\/uploads\/2016\/06\/Elephant_thumb.jpg\" alt=\"IGNUS Community D\u00eda Mundial del Medio Ambiente\" width=\"500\" height=\"707\" srcset=\"https:\/\/ignuscommunity.es\/blog\/wp-content\/uploads\/2016\/06\/Elephant_thumb.jpg 300w, https:\/\/ignuscommunity.es\/blog\/wp-content\/uploads\/2016\/06\/Elephant_thumb-212x300.jpg 212w\" sizes=\"(max-width: 500px) 100vw, 500px\" \/><\/p>\n<p class=\"rtejustify\" style=\"text-align: justify;\">Enormes esfuerzos por combatir el tr\u00e1fico il\u00edcito &#8211; incluyendo <span style=\"color: #00adef;\">pol\u00edticas m\u00e1s fuertes, campa\u00f1as de sensibilizaci\u00f3n e inversiones en la conservaci\u00f3n comunitaria y en la aplicaci\u00f3n de la ley<\/span> &#8211; han tenido algunos grandes \u00e9xitos. Sin embargo, muchas especies permanecen en situaci\u00f3n de riesgo y se necesitar\u00e1 un esfuerzo dedicado y sostenido de cada uno de nosotros para cambiar este rumbo.<\/p>\n<p class=\"rtejustify\" style=\"text-align: justify;\">\n<div class='tm-tweet-clear'><\/div>\n<div class='tm-click-to-tweet'>\n<div class='tm-ctt-text'><a href='https:\/\/twitter.com\/share?text=Celebra+el+D%C3%ADa+Mundial+del+Medio+Ambiente+%235junio+%23WED2016+v%C3%ADa+%40IGNUSCommunity+%23DMMA2016&#038;url=https:\/\/ignuscommunity.es\/blog\/5-de-junio-dia-mundial-del-medio-ambiente-2016\/' target='_blank'>Celebra el D\u00eda Mundial del Medio Ambiente #5junio #WED2016 v\u00eda @IGNUSCommunity #DMMA2016<\/a><\/div>\n<p><a href='https:\/\/twitter.com\/share?text=Celebra+el+D%C3%ADa+Mundial+del+Medio+Ambiente+%235junio+%23WED2016+v%C3%ADa+%40IGNUSCommunity+%23DMMA2016&#038;url=https:\/\/ignuscommunity.es\/blog\/5-de-junio-dia-mundial-del-medio-ambiente-2016\/' target='_blank' class='tm-ctt-btn'>Click To Tweet<\/a><\/p>\n<div class='tm-ctt-tip'><\/div>\n<\/div>\n<p class=\"rtejustify\" style=\"text-align: justify;\">\u00bfC\u00f3mo podemos hacerlo? Un mayor n\u00famero de personas tiene que entender el da\u00f1o que este negocio il\u00edcito le est\u00e1 haciendo a nuestro medio ambiente y medios de vida, a las comunidades y a nuestra seguridad. Debemos cambiar nuestros h\u00e1bitos y comportamientos de modo que la demanda de productos silvestres ilegales disminuya. Una mayor concienciaci\u00f3n y acci\u00f3n empujar\u00e1 a los gobiernos y a los organismos internacionales a introducir y a aplicar leyes m\u00e1s duras y a combatir a aquellos que a\u00fan est\u00e9n dispuestos a romperlas.<\/p>\n<p class=\"rtejustify\" style=\"text-align: justify;\"><img loading=\"lazy\" class=\"aligncenter wp-image-3631\" src=\"http:\/\/ignuscommunity.es\/blog\/wp-content\/uploads\/2016\/06\/Rhino_thumb.jpg\" alt=\"IGNUS Community D\u00eda Mundial del Medio Ambiente\" width=\"500\" height=\"707\" srcset=\"https:\/\/ignuscommunity.es\/blog\/wp-content\/uploads\/2016\/06\/Rhino_thumb.jpg 300w, https:\/\/ignuscommunity.es\/blog\/wp-content\/uploads\/2016\/06\/Rhino_thumb-212x300.jpg 212w\" sizes=\"(max-width: 500px) 100vw, 500px\" \/><\/p>\n<p class=\"rtejustify\" style=\"text-align: justify;\">El tema de este a\u00f1o para el DMMA \u2013 Enloquezca por la Vida &#8211; le anima a celebrar por todas aquellas especies que est\u00e1n en peligro y a tomar medidas para ayudar a protegerlas para las generaciones futuras. Esto puede ser acerca de los animales o las plantas que est\u00e9n amenazadas dentro de su \u00e1rea local, as\u00ed como a nivel nacional o mundial &#8211; \u00a1muchas extinciones locales eventualmente se sumar\u00e1n a una extinci\u00f3n global! Quien quiera que usted sea, y donde quiera que viva, muestre una tolerancia cero para el comercio ilegal de especies silvestres tanto de palabra como de acci\u00f3n, y marque as\u00ed una diferencia.\u00bb<\/p>\n<p style=\"text-align: justify;\"><span style=\"font-size: 14pt; color: #00adef;\"><strong>Tolerancia cero para el comercio il\u00edcito de las especies silvestres<\/strong><\/span><\/p>\n<p style=\"text-align: justify;\">El auge del comercio ilegal de productos de la vida silvestre est\u00e1 erosionando la preciosa biodiversidad de la Tierra, rob\u00e1ndonos nuestro patrimonio natural y llevando al borde de la extinci\u00f3n a especies enteras. La matanza y el contrabando tambi\u00e9n est\u00e1 socavando las econom\u00edas y los ecosistemas, alimentando el crimen organizado, la corrupci\u00f3n y la inseguridad en todo el mundo.<\/p>\n<p style=\"text-align: justify;\">Los delitos contra la naturaleza ponen en peligro a los elefantes, los rinocerontes, los tigres, los gorilas y las tortugas marinas. En 2011, una subespecie del rinoceronte de Java se extingui\u00f3 en Vietnam, mientras que los \u00faltimos rinocerontes negros occidentales desaparecieron del Camer\u00fan el mismo a\u00f1o. Los grandes simios han desaparecido de Gambia, Burkina Faso, Benin y Togo, y otros pa\u00edses podr\u00edan seguirlos r\u00e1pidamente. Las v\u00edctimas menos conocidas incluyen el Rhinoplax Vigil y los pangolines, as\u00ed como las orqu\u00eddeas silvestres y las maderas como palo de rosa &#8211; flores y madera tambi\u00e9n se consideran especies silvestres!<\/p>\n<p style=\"text-align: justify;\"><span style=\"font-size: 14pt; color: #00adef;\"><strong>Pa\u00eds Anfitri\u00f3n: Angola<\/strong><\/span><\/p>\n<p style=\"text-align: justify;\">Las actividades para celebrar el D\u00eda Mundial del Medio Ambiente de este a\u00f1o est\u00e1n organizadas por Angola, un pa\u00eds que trata de restaurar sus manadas de elefantes, conservar la vida silvestre rica en biodiversidad de \u00c1frica, y salvaguardar el medio ambiente, ya que contin\u00faa la reconstrucci\u00f3n despu\u00e9s de m\u00e1s de un cuarto de siglo de guerra civil.<\/p>\n<p style=\"text-align: justify;\">El lema para el D\u00eda 2016 es la lucha contra el comercio il\u00edcito de fauna y flora silvestres.<\/p>\n<p style=\"text-align: justify;\">\u00abAngola se complace de ser la anfitriona del D\u00eda Mundial del Medio Ambiente, que se centrar\u00e1 en un tema muy cercano a nuestros corazones\u00bb, dijo la ministra de Medio Ambiente de Angola, Mar\u00eda de F\u00e1tima Jardim. \u00abEl comercio il\u00edcito de especies de fauna y flora silvestres , en particular el comercio de marfil y cuerno de rinoceronte, es un problema importante en todo nuestro continente. Mediante este D\u00eda de celebraci\u00f3n y de sensibilizaci\u00f3n, nuestro objetivo es enviar un mensaje claro de que pronto ser\u00e1n erradicadas tales pr\u00e1cticas\u00bb.<\/p>\n<p style=\"text-align: center;\"><span style=\"color: #00adef; font-size: 18pt;\">\u00bfTe animas\u00a0a celebrar el D\u00eda Mundial del Medio Ambiente?<\/span><\/p>\n<p style=\"text-align: justify;\">Fuente: Naciones Unidas.<\/p>\n","protected":false},"excerpt":{"rendered":"<p>El pr\u00f3ximo domingo 5 de junio, como cada a\u00f1o, se celebra el d\u00eda mundial del Medio Ambiente. Este a\u00f1o tiene como lema: \u00abVu\u00e9lvete salvaje por la vida\u00bb Donde te anima a difundir la informaci\u00f3n sobre los<span class=\"excerpt-hellip\"> [\u2026]<\/span><\/p>\n","protected":false},"author":7,"featured_media":3635,"comment_status":"open","ping_status":"open","sticky":false,"template":"","format":"standard","meta":{"_mi_skip_tracking":false},"categories":[201,5],"tags":[57,176,21,340,12,37,10,460],"yoast_head":"<!-- This site is optimized with the Yoast SEO plugin v18.8 - https:\/\/yoast.com\/wordpress\/plugins\/seo\/ -->\n<title>5 DE JUNIO: D\u00cdA MUNDIAL DEL MEDIO AMBIENTE 2016<\/title>\n<meta name=\"description\" content=\"El pr\u00f3ximo domingo 5 de junio de 2016 se celebra el d\u00eda mundial del Medio Ambiente, con el lema Vu\u00e9lvete salvaje por la vida\" \/>\n<meta name=\"robots\" content=\"index, follow, max-snippet:-1, max-image-preview:large, max-video-preview:-1\" \/>\n<link rel=\"canonical\" href=\"https:\/\/ignuscommunity.es\/blog\/5-de-junio-dia-mundial-del-medio-ambiente-2016\/\" \/>\n<meta property=\"og:locale\" content=\"es_ES\" \/>\n<meta property=\"og:type\" content=\"article\" \/>\n<meta property=\"og:title\" content=\"5 DE JUNIO: D\u00cdA MUNDIAL DEL MEDIO AMBIENTE 2016\" \/>\n<meta property=\"og:description\" content=\"El pr\u00f3ximo domingo 5 de junio de 2016 se celebra el d\u00eda mundial del Medio Ambiente, con el lema Vu\u00e9lvete salvaje por la vida\" \/>\n<meta property=\"og:url\" content=\"https:\/\/ignuscommunity.es\/blog\/5-de-junio-dia-mundial-del-medio-ambiente-2016\/\" \/>\n<meta property=\"og:site_name\" content=\"IGNUS Community Blog\" \/>\n<meta property=\"article:published_time\" content=\"2016-06-03T07:40:49+00:00\" \/>\n<meta property=\"article:modified_time\" content=\"2016-06-03T07:49:15+00:00\" \/>\n<meta property=\"og:image\" content=\"https:\/\/ignuscommunity.es\/blog\/wp-content\/uploads\/2016\/06\/IGNUS-Community-d\u00eda-mundia-del-medio-ambiente.jpg\" \/>\n\t<meta property=\"og:image:width\" content=\"200\" \/>\n\t<meta property=\"og:image:height\" content=\"161\" \/>\n\t<meta property=\"og:image:type\" content=\"image\/jpeg\" \/>\n<meta name=\"twitter:label1\" content=\"Escrito por\" \/>\n\t<meta name=\"twitter:data1\" content=\"CristinaSC\" \/>\n\t<meta name=\"twitter:label2\" content=\"Tiempo de lectura\" \/>\n\t<meta name=\"twitter:data2\" content=\"5 minutos\" \/>\n<script type=\"application\/ld+json\" class=\"yoast-schema-graph\">{\"@context\":\"https:\/\/schema.org\",\"@graph\":[{\"@type\":\"WebSite\",\"@id\":\"https:\/\/ignuscommunity.es\/blog\/#website\",\"url\":\"https:\/\/ignuscommunity.es\/blog\/\",\"name\":\"IGNUS Community Blog\",\"description\":\"Solucionamos tus necesidades tecnol\u00f3gicas\",\"potentialAction\":[{\"@type\":\"SearchAction\",\"target\":{\"@type\":\"EntryPoint\",\"urlTemplate\":\"https:\/\/ignuscommunity.es\/blog\/?s={search_term_string}\"},\"query-input\":\"required name=search_term_string\"}],\"inLanguage\":\"es\"},{\"@type\":\"ImageObject\",\"inLanguage\":\"es\",\"@id\":\"https:\/\/ignuscommunity.es\/blog\/5-de-junio-dia-mundial-del-medio-ambiente-2016\/#primaryimage\",\"url\":\"https:\/\/ignuscommunity.es\/blog\/wp-content\/uploads\/2016\/06\/IGNUS-Community-d\u00eda-mundia-del-medio-ambiente.jpg\",\"contentUrl\":\"https:\/\/ignuscommunity.es\/blog\/wp-content\/uploads\/2016\/06\/IGNUS-Community-d\u00eda-mundia-del-medio-ambiente.jpg\",\"width\":200,\"height\":161,\"caption\":\"IGNUS Community D\u00eda Mundial del Medio Ambiente\"},{\"@type\":\"WebPage\",\"@id\":\"https:\/\/ignuscommunity.es\/blog\/5-de-junio-dia-mundial-del-medio-ambiente-2016\/#webpage\",\"url\":\"https:\/\/ignuscommunity.es\/blog\/5-de-junio-dia-mundial-del-medio-ambiente-2016\/\",\"name\":\"5 DE JUNIO: D\u00cdA MUNDIAL DEL MEDIO AMBIENTE 2016\",\"isPartOf\":{\"@id\":\"https:\/\/ignuscommunity.es\/blog\/#website\"},\"primaryImageOfPage\":{\"@id\":\"https:\/\/ignuscommunity.es\/blog\/5-de-junio-dia-mundial-del-medio-ambiente-2016\/#primaryimage\"},\"datePublished\":\"2016-06-03T07:40:49+00:00\",\"dateModified\":\"2016-06-03T07:49:15+00:00\",\"author\":{\"@id\":\"https:\/\/ignuscommunity.es\/blog\/#\/schema\/person\/eac53e7dbf42c97a60e0abc50b9b04b4\"},\"description\":\"El pr\u00f3ximo domingo 5 de junio de 2016 se celebra el d\u00eda mundial del Medio Ambiente, con el lema Vu\u00e9lvete salvaje por la vida\",\"breadcrumb\":{\"@id\":\"https:\/\/ignuscommunity.es\/blog\/5-de-junio-dia-mundial-del-medio-ambiente-2016\/#breadcrumb\"},\"inLanguage\":\"es\",\"potentialAction\":[{\"@type\":\"ReadAction\",\"target\":[\"https:\/\/ignuscommunity.es\/blog\/5-de-junio-dia-mundial-del-medio-ambiente-2016\/\"]}]},{\"@type\":\"BreadcrumbList\",\"@id\":\"https:\/\/ignuscommunity.es\/blog\/5-de-junio-dia-mundial-del-medio-ambiente-2016\/#breadcrumb\",\"itemListElement\":[{\"@type\":\"ListItem\",\"position\":1,\"name\":\"Home\",\"item\":\"https:\/\/ignuscommunity.es\/blog\/\"},{\"@type\":\"ListItem\",\"position\":2,\"name\":\"5 DE JUNIO: D\u00cdA MUNDIAL DEL MEDIO AMBIENTE 2016\"}]},{\"@type\":\"Person\",\"@id\":\"https:\/\/ignuscommunity.es\/blog\/#\/schema\/person\/eac53e7dbf42c97a60e0abc50b9b04b4\",\"name\":\"CristinaSC\",\"image\":{\"@type\":\"ImageObject\",\"inLanguage\":\"es\",\"@id\":\"https:\/\/ignuscommunity.es\/blog\/#\/schema\/person\/image\/\",\"url\":\"https:\/\/secure.gravatar.com\/avatar\/ce0aeac357b40e457371d1c4d575c94f?s=96&d=mm&r=g\",\"contentUrl\":\"https:\/\/secure.gravatar.com\/avatar\/ce0aeac357b40e457371d1c4d575c94f?s=96&d=mm&r=g\",\"caption\":\"CristinaSC\"},\"sameAs\":[\"http:\/\/www.ignuscommunity.com\",\"https:\/\/twitter.com\/ignuscommunity\"],\"url\":\"https:\/\/ignuscommunity.es\/blog\/author\/cristinasc\/\"}]}<\/script>\n<!-- \/ Yoast SEO plugin. -->","yoast_head_json":{"title":"5 DE JUNIO: D\u00cdA MUNDIAL DEL MEDIO AMBIENTE 2016","description":"El pr\u00f3ximo domingo 5 de junio de 2016 se celebra el d\u00eda mundial del Medio Ambiente, con el lema Vu\u00e9lvete salvaje por la vida","robots":{"index":"index","follow":"follow","max-snippet":"max-snippet:-1","max-image-preview":"max-image-preview:large","max-video-preview":"max-video-preview:-1"},"canonical":"https:\/\/ignuscommunity.es\/blog\/5-de-junio-dia-mundial-del-medio-ambiente-2016\/","og_locale":"es_ES","og_type":"article","og_title":"5 DE JUNIO: D\u00cdA MUNDIAL DEL MEDIO AMBIENTE 2016","og_description":"El pr\u00f3ximo domingo 5 de junio de 2016 se celebra el d\u00eda mundial del Medio Ambiente, con el lema Vu\u00e9lvete salvaje por la vida","og_url":"https:\/\/ignuscommunity.es\/blog\/5-de-junio-dia-mundial-del-medio-ambiente-2016\/","og_site_name":"IGNUS Community Blog","article_published_time":"2016-06-03T07:40:49+00:00","article_modified_time":"2016-06-03T07:49:15+00:00","og_image":[{"width":200,"height":161,"url":"https:\/\/ignuscommunity.es\/blog\/wp-content\/uploads\/2016\/06\/IGNUS-Community-d\u00eda-mundia-del-medio-ambiente.jpg","type":"image\/jpeg"}],"twitter_misc":{"Escrito por":"CristinaSC","Tiempo de lectura":"5 minutos"},"schema":{"@context":"https:\/\/schema.org","@graph":[{"@type":"WebSite","@id":"https:\/\/ignuscommunity.es\/blog\/#website","url":"https:\/\/ignuscommunity.es\/blog\/","name":"IGNUS Community Blog","description":"Solucionamos tus necesidades tecnol\u00f3gicas","potentialAction":[{"@type":"SearchAction","target":{"@type":"EntryPoint","urlTemplate":"https:\/\/ignuscommunity.es\/blog\/?s={search_term_string}"},"query-input":"required name=search_term_string"}],"inLanguage":"es"},{"@type":"ImageObject","inLanguage":"es","@id":"https:\/\/ignuscommunity.es\/blog\/5-de-junio-dia-mundial-del-medio-ambiente-2016\/#primaryimage","url":"https:\/\/ignuscommunity.es\/blog\/wp-content\/uploads\/2016\/06\/IGNUS-Community-d\u00eda-mundia-del-medio-ambiente.jpg","contentUrl":"https:\/\/ignuscommunity.es\/blog\/wp-content\/uploads\/2016\/06\/IGNUS-Community-d\u00eda-mundia-del-medio-ambiente.jpg","width":200,"height":161,"caption":"IGNUS Community D\u00eda Mundial del Medio Ambiente"},{"@type":"WebPage","@id":"https:\/\/ignuscommunity.es\/blog\/5-de-junio-dia-mundial-del-medio-ambiente-2016\/#webpage","url":"https:\/\/ignuscommunity.es\/blog\/5-de-junio-dia-mundial-del-medio-ambiente-2016\/","name":"5 DE JUNIO: D\u00cdA MUNDIAL DEL MEDIO AMBIENTE 2016","isPartOf":{"@id":"https:\/\/ignuscommunity.es\/blog\/#website"},"primaryImageOfPage":{"@id":"https:\/\/ignuscommunity.es\/blog\/5-de-junio-dia-mundial-del-medio-ambiente-2016\/#primaryimage"},"datePublished":"2016-06-03T07:40:49+00:00","dateModified":"2016-06-03T07:49:15+00:00","author":{"@id":"https:\/\/ignuscommunity.es\/blog\/#\/schema\/person\/eac53e7dbf42c97a60e0abc50b9b04b4"},"description":"El pr\u00f3ximo domingo 5 de junio de 2016 se celebra el d\u00eda mundial del Medio Ambiente, con el lema Vu\u00e9lvete salvaje por la vida","breadcrumb":{"@id":"https:\/\/ignuscommunity.es\/blog\/5-de-junio-dia-mundial-del-medio-ambiente-2016\/#breadcrumb"},"inLanguage":"es","potentialAction":[{"@type":"ReadAction","target":["https:\/\/ignuscommunity.es\/blog\/5-de-junio-dia-mundial-del-medio-ambiente-2016\/"]}]},{"@type":"BreadcrumbList","@id":"https:\/\/ignuscommunity.es\/blog\/5-de-junio-dia-mundial-del-medio-ambiente-2016\/#breadcrumb","itemListElement":[{"@type":"ListItem","position":1,"name":"Home","item":"https:\/\/ignuscommunity.es\/blog\/"},{"@type":"ListItem","position":2,"name":"5 DE JUNIO: D\u00cdA MUNDIAL DEL MEDIO AMBIENTE 2016"}]},{"@type":"Person","@id":"https:\/\/ignuscommunity.es\/blog\/#\/schema\/person\/eac53e7dbf42c97a60e0abc50b9b04b4","name":"CristinaSC","image":{"@type":"ImageObject","inLanguage":"es","@id":"https:\/\/ignuscommunity.es\/blog\/#\/schema\/person\/image\/","url":"https:\/\/secure.gravatar.com\/avatar\/ce0aeac357b40e457371d1c4d575c94f?s=96&d=mm&r=g","contentUrl":"https:\/\/secure.gravatar.com\/avatar\/ce0aeac357b40e457371d1c4d575c94f?s=96&d=mm&r=g","caption":"CristinaSC"},"sameAs":["http:\/\/www.ignuscommunity.com","https:\/\/twitter.com\/ignuscommunity"],"url":"https:\/\/ignuscommunity.es\/blog\/author\/cristinasc\/"}]}},"_links":{"self":[{"href":"https:\/\/ignuscommunity.es\/blog\/wp-json\/wp\/v2\/posts\/3629"}],"collection":[{"href":"https:\/\/ignuscommunity.es\/blog\/wp-json\/wp\/v2\/posts"}],"about":[{"href":"https:\/\/ignuscommunity.es\/blog\/wp-json\/wp\/v2\/types\/post"}],"author":[{"embeddable":true,"href":"https:\/\/ignuscommunity.es\/blog\/wp-json\/wp\/v2\/users\/7"}],"replies":[{"embeddable":true,"href":"https:\/\/ignuscommunity.es\/blog\/wp-json\/wp\/v2\/comments?post=3629"}],"version-history":[{"count":5,"href":"https:\/\/ignuscommunity.es\/blog\/wp-json\/wp\/v2\/posts\/3629\/revisions"}],"predecessor-version":[{"id":3638,"href":"https:\/\/ignuscommunity.es\/blog\/wp-json\/wp\/v2\/posts\/3629\/revisions\/3638"}],"wp:featuredmedia":[{"embeddable":true,"href":"https:\/\/ignuscommunity.es\/blog\/wp-json\/wp\/v2\/media\/3635"}],"wp:attachment":[{"href":"https:\/\/ignuscommunity.es\/blog\/wp-json\/wp\/v2\/media?parent=3629"}],"wp:term":[{"taxonomy":"category","embeddable":true,"href":"https:\/\/ignuscommunity.es\/blog\/wp-json\/wp\/v2\/categories?post=3629"},{"taxonomy":"post_tag","embeddable":true,"href":"https:\/\/ignuscommunity.es\/blog\/wp-json\/wp\/v2\/tags?post=3629"}],"curies":[{"name":"wp","href":"https:\/\/api.w.org\/{rel}","templated":true}]}}